{"id":1628,"date":"2024-05-31T10:58:17","date_gmt":"2024-05-31T07:58:17","guid":{"rendered":"https:\/\/onceogretmenvakfi.org.tr\/?p=1628"},"modified":"2025-01-27T10:01:27","modified_gmt":"2025-01-27T07:01:27","slug":"egitimde-yapay-zeka-calistayi-gerceklestirdik","status":"publish","type":"post","link":"https:\/\/onceogretmenvakfi.org.tr\/index.php\/egitimde-yapay-zeka-calistayi-gerceklestirdik\/","title":{"rendered":"E\u011fitimde Yapay Zek\u00e2 \u00c7al\u0131\u015ftay\u0131 Ger\u00e7ekle\u015ftirdik"},"content":{"rendered":"\n<h3 class=\"wp-block-heading\">Maya Okullar\u0131 Ev Sahipli\u011finde E\u011fitimde Yarat\u0131c\u0131 Yapay Zeka \u00c7al\u0131\u015ftay\u0131<\/h3>\n\n\n\n<p>Ge\u00e7ti\u011fimiz g\u00fcnlerde Maya Okullar\u0131&#8217;n\u0131n ev sahipli\u011finde, \u00d6\u011fretmen Vakf\u0131 taraf\u0131ndan d\u00fczenlenen &#8220;E\u011fitimde Yarat\u0131c\u0131 Yapay Zeka&#8221; \u00e7al\u0131\u015ftay\u0131 b\u00fcy\u00fck bir ba\u015far\u0131yla ger\u00e7ekle\u015ftirildi. \u00c7al\u0131\u015ftaya, e\u011fitim ve teknoloji alan\u0131nda uzman bir\u00e7ok kat\u0131l\u0131mc\u0131 ve \u00f6\u011fretmenler yo\u011fun ilgi g\u00f6sterdi.<\/p>\n\n\n\n<h3 class=\"wp-block-heading\">Kat\u0131l\u0131mc\u0131lar<\/h3>\n\n\n\n<p>\u00c7al\u0131\u015ftayda, \u00e7e\u015fitli alanlardan gelen uzmanlar, y\u00f6neticiler, \u00f6\u011fretmenler, \u00fcniversitelerden akademisyenler ve e\u011fitim teknolojileri \u015firketlerinin temsilcileri bir araya geldi. Kat\u0131l\u0131mc\u0131lar aras\u0131nda \u00f6zel okul \u00f6\u011fretmenleri, kamu kurumlar\u0131 temsilcileri ve e\u011fitim i\u00e7erik \u00fcreticileri de yer ald\u0131. <\/p>\n\n\n\n<h3 class=\"wp-block-heading\">\u00c7al\u0131\u015ftay\u0131n Temalar\u0131 ve Tart\u0131\u015f\u0131lan Konular<\/h3>\n\n\n\n<p>\u00c7al\u0131\u015ftay s\u00fcresince yapay zekan\u0131n e\u011fitimde nas\u0131l kullan\u0131labilece\u011fi, \u00f6\u011fretmenlerin i\u015fini nas\u0131l kolayla\u015ft\u0131rabilece\u011fi ve dijital vatanda\u015fl\u0131k gibi \u00f6nemli konular \u00fczerinde duruldu. Yapay zeka teknolojilerinin, e\u011fitim s\u00fcre\u00e7lerine entegrasyonunun yaln\u0131zca ara\u00e7 kullan\u0131m\u0131 de\u011fil, pedagojik yakla\u015f\u0131mlar\u0131n da yeniden de\u011ferlendirilmesini gerektirdi\u011fi vurguland\u0131.<\/p>\n\n\n\n<h3 class=\"wp-block-heading\">Teknolojinin E\u011fitimdeki Rol\u00fc<\/h3>\n\n\n\n<figure class=\"wp-block-image size-large\"><img fetchpriority=\"high\" decoding=\"async\" width=\"768\" height=\"1024\" src=\"https:\/\/onceogretmenvakfi.org.tr\/wp-content\/uploads\/2024\/05\/WhatsApp-Image-2024-05-30-at-17.31.39-768x1024.jpeg\" alt=\"\" class=\"wp-image-1629\" srcset=\"https:\/\/onceogretmenvakfi.org.tr\/wp-content\/uploads\/2024\/05\/WhatsApp-Image-2024-05-30-at-17.31.39-768x1024.jpeg 768w, https:\/\/onceogretmenvakfi.org.tr\/wp-content\/uploads\/2024\/05\/WhatsApp-Image-2024-05-30-at-17.31.39-225x300.jpeg 225w, https:\/\/onceogretmenvakfi.org.tr\/wp-content\/uploads\/2024\/05\/WhatsApp-Image-2024-05-30-at-17.31.39-1152x1536.jpeg 1152w, https:\/\/onceogretmenvakfi.org.tr\/wp-content\/uploads\/2024\/05\/WhatsApp-Image-2024-05-30-at-17.31.39-1536x2048.jpeg 1536w, https:\/\/onceogretmenvakfi.org.tr\/wp-content\/uploads\/2024\/05\/WhatsApp-Image-2024-05-30-at-17.31.39-scaled.jpeg 1920w\" sizes=\"(max-width: 768px) 100vw, 768px\" \/><\/figure>\n\n\n\n<p>Kat\u0131l\u0131mc\u0131lar, teknolojinin ve \u00f6zellikle yapay zekan\u0131n, \u00f6\u011fretmenlerin asistan\u0131 olarak kullan\u0131lmas\u0131n\u0131n e\u011fitim s\u00fcre\u00e7lerini nas\u0131l zenginle\u015ftirebilece\u011fi \u00fczerinde durdular. Yapay zekan\u0131n sadece bilgi sunmakla kalmay\u0131p, \u00f6\u011frencilerin farkl\u0131 d\u00fc\u015f\u00fcnme tekniklerini kazanmalar\u0131na nas\u0131l yard\u0131mc\u0131 olabilece\u011fi tart\u0131\u015f\u0131ld\u0131. Teknoloji ve ara\u00e7 \u00f6\u011fretiminin \u00f6nemi vurgulan\u0131rken, ara\u00e7lar\u0131n derse entegrasyonu konusunun kritik oldu\u011fu belirtildi.<\/p>\n\n\n\n<h3 class=\"wp-block-heading\">Dijital Vatanda\u015fl\u0131k ve Etik<\/h3>\n\n\n\n<p>\u00c7al\u0131\u015ftayda, dijital vatanda\u015fl\u0131k ve bili\u015fim hukuku konular\u0131 da ele al\u0131nd\u0131. Dijital okuryazarl\u0131\u011f\u0131n ve veri k\u00fclt\u00fcr\u00fcn\u00fcn \u00e7ocuklara kazand\u0131r\u0131lmas\u0131n\u0131n \u00f6nemi \u00fczerinde duruldu. Ayr\u0131ca, yapay zeka hallucinationu (ger\u00e7ekte olmayan bilgilerin sunulmas\u0131) ve bunun olas\u0131 sonu\u00e7lar\u0131 tart\u0131\u015f\u0131ld\u0131.<\/p>\n\n\n\n<h3 class=\"wp-block-heading\">Sonu\u00e7 ve De\u011ferlendirme<\/h3>\n\n\n\n<p>\u00c7al\u0131\u015ftay\u0131n sonunda, kat\u0131l\u0131mc\u0131lar e\u011fitimde yapay zekan\u0131n kullan\u0131m\u0131n\u0131n sadece teknik bir konu olmad\u0131\u011f\u0131n\u0131, ayn\u0131 zamanda k\u00fclt\u00fcrel ve etik boyutlar\u0131n\u0131n da dikkate al\u0131nmas\u0131 gerekti\u011fini belirttiler. Teknopedagoji kavram\u0131 \u00e7er\u00e7evesinde, \u00f6\u011fretmenlerin dijital yetkinliklerinin art\u0131r\u0131lmas\u0131 ve bu s\u00fcre\u00e7te desteklenmesi gerekti\u011fi vurguland\u0131.<\/p>\n\n\n\n<h3 class=\"wp-block-heading\">Gelecek Ad\u0131mlar<\/h3>\n\n\n\n<p>\u00c7al\u0131\u015ftay\u0131n sonu\u00e7 raporunda, \u00f6\u011fretmenlerin yapay zekay\u0131 daha etkili kullanabilmeleri i\u00e7in gerekli e\u011fitimlerin verilmesi, dijital okuryazarl\u0131\u011f\u0131n desteklenmesi ve veri k\u00fclt\u00fcr\u00fcn\u00fcn \u00f6\u011frencilere kazand\u0131r\u0131lmas\u0131 gibi \u00f6neriler yer ald\u0131. Bu \u00f6neriler do\u011frultusunda, Maya Okullar\u0131 ve \u00d6\u011fretmen Vakf\u0131, e\u011fitimde yapay zekan\u0131n yarat\u0131c\u0131 ve verimli kullan\u0131m\u0131 i\u00e7in yeni projeler geli\u015ftirmeyi planl\u0131yor.<\/p>\n\n\n\n<p>\u00c7al\u0131\u015ftay raporumuza a\u015fa\u011f\u0131daki ba\u011flant\u0131 adresinden ula\u015fabilirsiniz.<\/p>\n\n\n\n<div data-wp-interactive=\"core\/file\" class=\"wp-block-file\"><object data-wp-bind--hidden=\"!state.hasPdfPreview\" hidden class=\"wp-block-file__embed\" data=\"https:\/\/onceogretmenvakfi.org.tr\/wp-content\/uploads\/2024\/06\/calistay_rapor.pdf\" type=\"application\/pdf\" style=\"width:100%;height:600px\" aria-label=\"calistay_rapor g\u00f6m\u00fcs\u00fc.\"><\/object><a id=\"wp-block-file--media-36986583-5f10-4e77-ba07-69f455765d04\" href=\"https:\/\/onceogretmenvakfi.org.tr\/wp-content\/uploads\/2024\/06\/calistay_rapor.pdf\">calistay_rapor<\/a><a href=\"https:\/\/onceogretmenvakfi.org.tr\/wp-content\/uploads\/2024\/06\/calistay_rapor.pdf\" class=\"wp-block-file__button wp-element-button\" download aria-describedby=\"wp-block-file--media-36986583-5f10-4e77-ba07-69f455765d04\">\u0130ndir<\/a><\/div>\n","protected":false},"excerpt":{"rendered":"<p>Ge\u00e7ti\u011fimiz g\u00fcnlerde Maya Okullar\u0131&#8217;n\u0131n ev sahipli\u011finde, \u00d6\u011fretmen Vakf\u0131 taraf\u0131ndan d\u00fczenlenen &#8220;E\u011fitimde Yarat\u0131c\u0131 Yapay Zeka&#8221; \u00e7al\u0131\u015ftay\u0131 b\u00fcy\u00fck bir ba\u015far\u0131yla ger\u00e7ekle\u015ftirildi. \u00c7al\u0131\u015ftaya, e\u011fitim ve teknoloji alan\u0131nda uzman bir\u00e7ok kat\u0131l\u0131mc\u0131 ve \u00f6\u011fretmenler yo\u011fun ilgi g\u00f6sterdi.<\/p>\n","protected":false},"author":6,"featured_media":1629,"comment_status":"closed","ping_status":"closed","sticky":false,"template":"","format":"standard","meta":{"footnotes":""},"categories":[105,11,21],"tags":[69,78,77,53,29,34,60,76,52],"class_list":["post-1628","post","type-post","status-publish","format-standard","has-post-thumbnail","hentry","category-butun-yazilar","category-etkinlikler","category-haberler","tag-ai","tag-edu-ai","tag-egitimde-yapay-zeka","tag-levent-okut","tag-maya-okullari","tag-onur-aydin","tag-yapay-zeka","tag-yapay-zeka-maya","tag-ziya-selcuk"],"_links":{"self":[{"href":"https:\/\/onceogretmenvakfi.org.tr\/index.php\/wp-json\/wp\/v2\/posts\/1628","targetHints":{"allow":["GET"]}}],"collection":[{"href":"https:\/\/onceogretmenvakfi.org.tr\/index.php\/wp-json\/wp\/v2\/posts"}],"about":[{"href":"https:\/\/onceogretmenvakfi.org.tr\/index.php\/wp-json\/wp\/v2\/types\/post"}],"author":[{"embeddable":true,"href":"https:\/\/onceogretmenvakfi.org.tr\/index.php\/wp-json\/wp\/v2\/users\/6"}],"replies":[{"embeddable":true,"href":"https:\/\/onceogretmenvakfi.org.tr\/index.php\/wp-json\/wp\/v2\/comments?post=1628"}],"version-history":[{"count":6,"href":"https:\/\/onceogretmenvakfi.org.tr\/index.php\/wp-json\/wp\/v2\/posts\/1628\/revisions"}],"predecessor-version":[{"id":1657,"href":"https:\/\/onceogretmenvakfi.org.tr\/index.php\/wp-json\/wp\/v2\/posts\/1628\/revisions\/1657"}],"wp:featuredmedia":[{"embeddable":true,"href":"https:\/\/onceogretmenvakfi.org.tr\/index.php\/wp-json\/wp\/v2\/media\/1629"}],"wp:attachment":[{"href":"https:\/\/onceogretmenvakfi.org.tr\/index.php\/wp-json\/wp\/v2\/media?parent=1628"}],"wp:term":[{"taxonomy":"category","embeddable":true,"href":"https:\/\/onceogretmenvakfi.org.tr\/index.php\/wp-json\/wp\/v2\/categories?post=1628"},{"taxonomy":"post_tag","embeddable":true,"href":"https:\/\/onceogretmenvakfi.org.tr\/index.php\/wp-json\/wp\/v2\/tags?post=1628"}],"curies":[{"name":"wp","href":"https:\/\/api.w.org\/{rel}","templated":true}]}}